{"id":688,"date":"2022-06-02T09:46:03","date_gmt":"2022-06-02T07:46:03","guid":{"rendered":"https:\/\/www.infrawarm.de\/?p=688"},"modified":"2022-06-02T13:02:01","modified_gmt":"2022-06-02T11:02:01","slug":"warum-elektroheizungen-wieder-auf-dem-vormarsch-sind","status":"publish","type":"post","link":"https:\/\/www.infrawarm.de\/en\/2022\/06\/02\/warum-elektroheizungen-wieder-auf-dem-vormarsch-sind\/","title":{"rendered":"Warum Elektroheizungen wieder auf dem Vormarsch sind"},"content":{"rendered":"<div data-elementor-type=\"wp-post\" data-elementor-id=\"688\" class=\"elementor elementor-688\" data-elementor-post-type=\"post\">\n\t\t\t\t\t\t<section class=\"elementor-section elementor-top-section elementor-element elementor-element-926d611 elementor-section-boxed elementor-section-height-default elementor-section-height-default elementor-invisible\" data-id=\"926d611\" data-element_type=\"section\" data-settings=\"{&quot;background_background&quot;:&quot;classic&quot;,&quot;animation&quot;:&quot;fadeInLeft&quot;}\">\n\t\t\t\t\t\t<div class=\"elementor-container elementor-column-gap-default\">\n\t\t\t\t\t<div class=\"elementor-column elementor-col-100 elementor-top-column elementor-element elementor-element-d905749\" data-id=\"d905749\" data-element_type=\"column\" data-settings=\"{&quot;background_background&quot;:&quot;slideshow&quot;,&quot;background_slideshow_gallery&quot;:[],&quot;background_slideshow_loop&quot;:&quot;yes&quot;,&quot;background_slideshow_slide_duration&quot;:5000,&quot;background_slideshow_slide_transition&quot;:&quot;fade&quot;,&quot;background_slideshow_transition_duration&quot;:500}\">\n\t\t\t<div class=\"elementor-widget-wrap elementor-element-populated\">\n\t\t\t\t\t\t<div class=\"elementor-element elementor-element-1fc1c2a elementor-widget-divider--view-line elementor-widget elementor-widget-divider\" data-id=\"1fc1c2a\" data-element_type=\"widget\" data-widget_type=\"divider.default\">\n\t\t\t\t<div class=\"elementor-widget-container\">\n\t\t\t\t\t<div class=\"elementor-divider\">\n\t\t\t<span class=\"elementor-divider-separator\">\n\t\t\t\t\t\t<\/span>\n\t\t<\/div>\n\t\t\t\t<\/div>\n\t\t\t\t<\/div>\n\t\t\t\t<div class=\"elementor-element elementor-element-940e8aa elementor-widget elementor-widget-heading\" data-id=\"940e8aa\" data-element_type=\"widget\" data-widget_type=\"heading.default\">\n\t\t\t\t<div class=\"elementor-widget-container\">\n\t\t\t<h1 class=\"elementor-heading-title elementor-size-large\">Warum Elektroheizungen wieder auf dem Vormarsch sind<\/h1>\t\t<\/div>\n\t\t\t\t<\/div>\n\t\t\t\t\t<\/div>\n\t\t<\/div>\n\t\t\t\t\t<\/div>\n\t\t<\/section>\n\t\t\t\t<section class=\"elementor-section elementor-top-section elementor-element elementor-element-4aaec4f animated-slow elementor-section-boxed elementor-section-height-default elementor-section-height-default elementor-invisible\" data-id=\"4aaec4f\" data-element_type=\"section\" data-settings=\"{&quot;animation&quot;:&quot;fadeInRight&quot;}\">\n\t\t\t\t\t\t<div class=\"elementor-container elementor-column-gap-default\">\n\t\t\t\t\t<div class=\"elementor-column elementor-col-100 elementor-top-column elementor-element elementor-element-f3ad483\" data-id=\"f3ad483\" data-element_type=\"column\">\n\t\t\t<div class=\"elementor-widget-wrap elementor-element-populated\">\n\t\t\t\t\t\t<div class=\"elementor-element elementor-element-b31a081 elementor-widget elementor-widget-text-editor\" data-id=\"b31a081\" data-element_type=\"widget\" data-widget_type=\"text-editor.default\">\n\t\t\t\t<div class=\"elementor-widget-container\">\n\t\t\t\t\t\t\t<p>Lange galten Elektroheizungen als verp\u00f6nt: Sie seien teuer, eine altbackene Erfindung und verbrauchen viel zu viel Energie, so meint es der allgemeine Volksmund. Warum das so nicht mehr richtig ist, die heutige Elektroheizung also nichts mehr mit Gro\u00dfmutters Nachtspeicher\u00f6fen aus den 1950\/60er Jahren gemein hat und warum sich Elektroheizungen wieder mehr lohnen, erfahren Sie hier.<\/p><h2>Das Prinzip Nachtspeicherofen<\/h2><p>Die Kohlekraftwerke konnten damals nachts nicht heruntergefahren werden. Es wurde also versucht, den nachts erzeugten Kohlestrom zu speichern und zum Heizen zu verwenden. Somit hatte man rund um die Uhr die ben\u00f6tigte Auslastung der Kraftwerke.<\/p><p>Aus heutiger Sicht betiteln wir den Strom als \u00e4u\u00dferst <strong>schmutzigen Strom<\/strong>. Hinzu kommt, dass die alten Nachtspeicher\u00f6fen sehr viel Strom f\u00fcr ihren Betrieb ben\u00f6tigen und entsprechend ineffizient mit der vorhandenen Energie arbeiten.<\/p><h2>Die Stromversorgung wird immer gr\u00fcner<\/h2><p>Laut Bundesministerium f\u00fcr Wirtschaft und Energie wird unsere Stromversorgung in Deutschland immer gr\u00fcner. Der Anteil an erneuerbaren Energien w\u00e4chst stetig: von rund 6 % im Jahr 2000 \u00fcber 42 % im Jahr 2019 lag der Anteil 2020 bereits bei rund 46 %. Das urspr\u00fcnglich gesetzte Ziel von 35 % f\u00fcr 2020 wurde somit um mehr als 10% \u00fcbertroffen.<\/p><p>Das EEG (Erneuerbare-Energien-Gesetz) sieht es so vor, dass 40-45% des in Deutschland verbrauchten Stroms bis 2025 aus erneuerbaren Energien stammen.<\/p><p>Allein aus diesem Grund wird das Heizen mit Strom und somit erneuerbaren Energien immer nachhaltiger.<\/p><h2>Photovoltaik-Anlagen nutzen<\/h2><p>Viele Stromabnehmer bekommen ihren Strom bereits aus ihren eigenen Photovoltaik-Anlagen. Nachhaltiger geht es kaum: Der Strom wird an Ort und Stelle umgesetzt, wo er auch genutzt wird.<\/p><p>Zudem greift seit 2022 in den ersten Bundesl\u00e4ndern (Baden-W\u00fcrttemberg, Nordrhein-Westfalen, Schleswig-Holstein) die Solarpflicht. Ab 2023 ziehen Berlin, Hamburg, Rheinland-Pfalz und Niedersachsen nach. Bremen, Sachsen und Bayern haben Pl\u00e4ne f\u00fcr eine m\u00f6gliche Solarpflicht und von den verbleibenden Bundesl\u00e4ndern ist noch nichts geplant oder beschlossen.<\/p><p>Die Solarpflicht ist in den jeweiligen L\u00e4ndern unterschiedlich ausgepr\u00e4gt. So hat beispielsweise das Land Baden-W\u00fcrttemberg die Pflicht f\u00fcr Neubauten ab Mai 2022 und f\u00fcr grundlegende Dachsanierungen ab Januar 2023 eingef\u00fchrt. Nordrhein-Westfalen dagegen startet mit den Parkfl\u00e4chen \u2013 seit Jahresbeginn 2022 m\u00fcssen jene mit mehr als 35 Stellpl\u00e4tzen \u00fcberdacht sein und PV-Anlagen installiert werden.<\/p><p><em>Siehe auch: <\/em><a href=\"https:\/\/www.deutsche-handwerks-zeitung.de\/wo-eine-solarpflicht-gilt-206871\/\"><em>https:\/\/www.deutsche-handwerks-zeitung.de\/wo-eine-solarpflicht-gilt-206871\/<\/em><\/a><\/p><h2>Negative Einspeiseverg\u00fctungen<\/h2><p>Noch vor einigen Jahren lohnte sich der Bau einer PV-Anlage massiv. Heute sieht das leider anders aus: Durch die steigende Zahl der Besitzer von PV-Anlagen sinkt die Einspeiseverg\u00fctung stetig.<\/p><p>Die Leipziger Stromb\u00f6rse verzeichnet bereits seit 2008 negative Strompreise, da lohnt sich das selbst nutzen erst recht. Die negativen Strompreise k\u00f6nnen entstehen, wenn mehr Strom vorhanden ist, als gebraucht wird. PV-Anlagen Besitzer m\u00fcssen dann Geld daf\u00fcr bezahlen, dass sie Strom einspeisen, statt, dass sie daf\u00fcr eine Verg\u00fctung erhalten. Dies ist absolut nicht sinnvoll.<\/p><p>G\u00e4nzlich umgangen werden kann das Problem des negativen Strompreises leider bisher nicht. Diesem Problem kann nur entgegengewirkt werden, indem von Anfang an genauestens das Nutzerverhalten analysiert und der korrekte Strombedarf errechnet wird.<\/p><h2>Eigene PV-Anlage in Kombination mit einer Elektrodirektheizung<\/h2><p>F\u00fcr viele PV-Anlagen Besitzer, oder solche, die eine Installation planen, steht fest, dass ein eigener Batteriespeicher zus\u00e4tzlich installiert werden soll (wenn nicht eh schon vorhanden). Dieser speichert den erzeugten Strom an solchen Tagen im eigenen Geb\u00e4ude, sodass er sp\u00e4ter selbst genutzt oder zu einem g\u00fcnstigen Zeitpunkt mit hoher Verg\u00fctung ins Netz eingespeist werden kann.<\/p><p>Auch die sinkenden Preise machen eine eigene PV-Anlage f\u00fcr Eigenheimbesitzer immer attraktiver. Lag der Preis 2006 noch bei ca. 5.000 \u20ac \/ kWp, so m\u00fcssen Verbraucher 2022 nur noch rund 1.400 \u20ac \/ kWp f\u00fcr eine komplette PV-Anlage inkl. Montage ausgeben.<\/p><p>Sobald die PV-Anlage gem\u00e4\u00df dem Stromverbrauch passend installiert worden ist, kann dem kosteng\u00fcnstigen Betrieb eines Infrarot-Heizungssystems nichts mehr im Weg stehen. Die Anlage arbeitet dann mit dem durch die PV-Anlage an Ort und Stelle umgesetzten Strom. Zugekaufte Energie aus dem Netz wird ebenfalls nicht ben\u00f6tigt. Dadurch kann sie (ohne laufende Betriebskosten zu verursachen) sehr kosteng\u00fcnstig betrieben werden.<\/p><h2>Fazit<\/h2><p>Unserer Ansicht nach ist die nachhaltige W\u00e4rmeerzeugung ein elementarer Bestandteil der Energiewende. Der selbst erzeugte Solarstrom macht klimaneutrales Heizen m\u00f6glich.<\/p><p>Die Installation und der Betrieb der Haustechnik werden durch die Kombination aus eigener PV-Anlage und dem Infrawarm\u00ae Heizsystem deutlich vereinfacht.<\/p><p>Bei entsprechender Dimensionierung der PV-Anlage und korrekter Berechnung des W\u00e4rmebedarfs ist das Konzept des Infrawarm\u00ae Heizsystems \u00f6kologischer als eine wassergef\u00fchrte Heizungsanlage, wie z.B. die Klassiker Gas- &amp;\/oder \u00d6lheizung.<\/p>\t\t\t\t\t\t<\/div>\n\t\t\t\t<\/div>\n\t\t\t\t\t<\/div>\n\t\t<\/div>\n\t\t\t\t\t<\/div>\n\t\t<\/section>\n\t\t\t\t<\/div>","protected":false},"excerpt":{"rendered":"<p>Warum Elektroheizungen wieder auf dem Vormarsch sind Lange galten Elektroheizungen als verp\u00f6nt: Sie seien teuer, eine altbackene Erfindung und verbrauchen viel zu viel Energie, so meint es der allgemeine Volksmund. Warum das so nicht mehr richtig ist, die heutige Elektroheizung also nichts mehr mit Gro\u00dfmutters Nachtspeicher\u00f6fen aus den 1950\/60er Jahren gemein hat und warum sich [&hellip;]<\/p>","protected":false},"author":2,"featured_media":0,"comment_status":"open","ping_status":"open","sticky":false,"template":"elementor_header_footer","format":"standard","meta":{"footnotes":""},"categories":[1],"tags":[16,20,25,24,26,17,18],"class_list":["post-688","post","type-post","status-publish","format-standard","hentry","category-allgemein","tag-elektroheizung","tag-guenstig","tag-infrarot-heizung","tag-infrarotheizung","tag-infrawarm","tag-pv-anlage","tag-sinnvoll"],"yoast_head":"<!-- This site is optimized with the Yoast SEO plugin v23.9 - https:\/\/yoast.com\/wordpress\/plugins\/seo\/ -->\n<title>Warum Elektroheizungen wieder auf dem Vormarsch sind - Infrawarm\u00ae GmbH %<\/title>\n<meta name=\"description\" content=\"Lange Zeit galten Elektroheizungen als verp\u00f6nt. Warum das fr\u00fcher zwar richtig war, heute aber nicht mehr so ist, erfahren Sie hier.\" \/>\n<meta name=\"robots\" content=\"index, follow, max-snippet:-1, max-image-preview:large, max-video-preview:-1\" \/>\n<link rel=\"canonical\" href=\"https:\/\/www.infrawarm.de\/en\/2022\/06\/02\/warum-elektroheizungen-wieder-auf-dem-vormarsch-sind\/\" \/>\n<meta property=\"og:locale\" content=\"en_US\" \/>\n<meta property=\"og:type\" content=\"article\" \/>\n<meta property=\"og:title\" content=\"Warum Elektroheizungen wieder auf dem Vormarsch sind - Infrawarm\u00ae GmbH %\" \/>\n<meta property=\"og:description\" content=\"Lange Zeit galten Elektroheizungen als verp\u00f6nt. Warum das fr\u00fcher zwar richtig war, heute aber nicht mehr so ist, erfahren Sie hier.\" \/>\n<meta property=\"og:url\" content=\"https:\/\/www.infrawarm.de\/en\/2022\/06\/02\/warum-elektroheizungen-wieder-auf-dem-vormarsch-sind\/\" \/>\n<meta property=\"og:site_name\" content=\"Infrawarm\u00ae GmbH\" \/>\n<meta property=\"article:published_time\" content=\"2022-06-02T07:46:03+00:00\" \/>\n<meta property=\"article:modified_time\" content=\"2022-06-02T11:02:01+00:00\" \/>\n<meta name=\"author\" content=\"infrawarm_felix\" \/>\n<meta name=\"twitter:card\" content=\"summary_large_image\" \/>\n<meta name=\"twitter:label1\" content=\"Written by\" \/>\n\t<meta name=\"twitter:data1\" content=\"infrawarm_felix\" \/>\n\t<meta name=\"twitter:label2\" content=\"Est. reading time\" \/>\n\t<meta name=\"twitter:data2\" content=\"4 minutes\" \/>\n<script type=\"application\/ld+json\" class=\"yoast-schema-graph\">{\"@context\":\"https:\/\/schema.org\",\"@graph\":[{\"@type\":\"WebPage\",\"@id\":\"https:\/\/www.infrawarm.de\/2022\/06\/02\/warum-elektroheizungen-wieder-auf-dem-vormarsch-sind\/\",\"url\":\"https:\/\/www.infrawarm.de\/2022\/06\/02\/warum-elektroheizungen-wieder-auf-dem-vormarsch-sind\/\",\"name\":\"Warum Elektroheizungen wieder auf dem Vormarsch sind - Infrawarm\u00ae GmbH %\",\"isPartOf\":{\"@id\":\"https:\/\/www.infrawarm.de\/#website\"},\"datePublished\":\"2022-06-02T07:46:03+00:00\",\"dateModified\":\"2022-06-02T11:02:01+00:00\",\"author\":{\"@id\":\"https:\/\/www.infrawarm.de\/#\/schema\/person\/c0bb42fd853bbdef24c1625b02a2c6da\"},\"description\":\"Lange Zeit galten Elektroheizungen als verp\u00f6nt. Warum das fr\u00fcher zwar richtig war, heute aber nicht mehr so ist, erfahren Sie hier.\",\"breadcrumb\":{\"@id\":\"https:\/\/www.infrawarm.de\/2022\/06\/02\/warum-elektroheizungen-wieder-auf-dem-vormarsch-sind\/#breadcrumb\"},\"inLanguage\":\"en-US\",\"potentialAction\":[{\"@type\":\"ReadAction\",\"target\":[\"https:\/\/www.infrawarm.de\/2022\/06\/02\/warum-elektroheizungen-wieder-auf-dem-vormarsch-sind\/\"]}]},{\"@type\":\"BreadcrumbList\",\"@id\":\"https:\/\/www.infrawarm.de\/2022\/06\/02\/warum-elektroheizungen-wieder-auf-dem-vormarsch-sind\/#breadcrumb\",\"itemListElement\":[{\"@type\":\"ListItem\",\"position\":1,\"name\":\"Startseite\",\"item\":\"https:\/\/www.infrawarm.de\/\"},{\"@type\":\"ListItem\",\"position\":2,\"name\":\"Warum Elektroheizungen wieder auf dem Vormarsch sind\"}]},{\"@type\":\"WebSite\",\"@id\":\"https:\/\/www.infrawarm.de\/#website\",\"url\":\"https:\/\/www.infrawarm.de\/\",\"name\":\"Infrawarm\u00ae GmbH\",\"description\":\"Angenehme W\u00e4rme in k\u00fcrzester Zeit bei konstant geringem Energieverbrauch. Das ist Heizen mit Infrarotheizk\u00f6rpern von Infrawarm.\",\"potentialAction\":[{\"@type\":\"SearchAction\",\"target\":{\"@type\":\"EntryPoint\",\"urlTemplate\":\"https:\/\/www.infrawarm.de\/?s={search_term_string}\"},\"query-input\":{\"@type\":\"PropertyValueSpecification\",\"valueRequired\":true,\"valueName\":\"search_term_string\"}}],\"inLanguage\":\"en-US\"},{\"@type\":\"Person\",\"@id\":\"https:\/\/www.infrawarm.de\/#\/schema\/person\/c0bb42fd853bbdef24c1625b02a2c6da\",\"name\":\"infrawarm_felix\",\"image\":{\"@type\":\"ImageObject\",\"inLanguage\":\"en-US\",\"@id\":\"https:\/\/www.infrawarm.de\/#\/schema\/person\/image\/\",\"url\":\"https:\/\/secure.gravatar.com\/avatar\/f13596997331c005ec035cb61785ece44f326dd607956dc3560e86c8e648150a?s=96&d=mm&r=g\",\"contentUrl\":\"https:\/\/secure.gravatar.com\/avatar\/f13596997331c005ec035cb61785ece44f326dd607956dc3560e86c8e648150a?s=96&d=mm&r=g\",\"caption\":\"infrawarm_felix\"},\"url\":\"https:\/\/www.infrawarm.de\/en\/author\/infrawarm_fenja\/\"}]}<\/script>\n<!-- \/ Yoast SEO plugin. -->","yoast_head_json":{"title":"Warum Elektroheizungen wieder auf dem Vormarsch sind - Infrawarm\u00ae GmbH %","description":"Lange Zeit galten Elektroheizungen als verp\u00f6nt. Warum das fr\u00fcher zwar richtig war, heute aber nicht mehr so ist, erfahren Sie hier.","robots":{"index":"index","follow":"follow","max-snippet":"max-snippet:-1","max-image-preview":"max-image-preview:large","max-video-preview":"max-video-preview:-1"},"canonical":"https:\/\/www.infrawarm.de\/en\/2022\/06\/02\/warum-elektroheizungen-wieder-auf-dem-vormarsch-sind\/","og_locale":"en_US","og_type":"article","og_title":"Warum Elektroheizungen wieder auf dem Vormarsch sind - Infrawarm\u00ae GmbH %","og_description":"Lange Zeit galten Elektroheizungen als verp\u00f6nt. Warum das fr\u00fcher zwar richtig war, heute aber nicht mehr so ist, erfahren Sie hier.","og_url":"https:\/\/www.infrawarm.de\/en\/2022\/06\/02\/warum-elektroheizungen-wieder-auf-dem-vormarsch-sind\/","og_site_name":"Infrawarm\u00ae GmbH","article_published_time":"2022-06-02T07:46:03+00:00","article_modified_time":"2022-06-02T11:02:01+00:00","author":"infrawarm_felix","twitter_card":"summary_large_image","twitter_misc":{"Written by":"infrawarm_felix","Est. reading time":"4 minutes"},"schema":{"@context":"https:\/\/schema.org","@graph":[{"@type":"WebPage","@id":"https:\/\/www.infrawarm.de\/2022\/06\/02\/warum-elektroheizungen-wieder-auf-dem-vormarsch-sind\/","url":"https:\/\/www.infrawarm.de\/2022\/06\/02\/warum-elektroheizungen-wieder-auf-dem-vormarsch-sind\/","name":"Warum Elektroheizungen wieder auf dem Vormarsch sind - Infrawarm\u00ae GmbH %","isPartOf":{"@id":"https:\/\/www.infrawarm.de\/#website"},"datePublished":"2022-06-02T07:46:03+00:00","dateModified":"2022-06-02T11:02:01+00:00","author":{"@id":"https:\/\/www.infrawarm.de\/#\/schema\/person\/c0bb42fd853bbdef24c1625b02a2c6da"},"description":"Lange Zeit galten Elektroheizungen als verp\u00f6nt. Warum das fr\u00fcher zwar richtig war, heute aber nicht mehr so ist, erfahren Sie hier.","breadcrumb":{"@id":"https:\/\/www.infrawarm.de\/2022\/06\/02\/warum-elektroheizungen-wieder-auf-dem-vormarsch-sind\/#breadcrumb"},"inLanguage":"en-US","potentialAction":[{"@type":"ReadAction","target":["https:\/\/www.infrawarm.de\/2022\/06\/02\/warum-elektroheizungen-wieder-auf-dem-vormarsch-sind\/"]}]},{"@type":"BreadcrumbList","@id":"https:\/\/www.infrawarm.de\/2022\/06\/02\/warum-elektroheizungen-wieder-auf-dem-vormarsch-sind\/#breadcrumb","itemListElement":[{"@type":"ListItem","position":1,"name":"Startseite","item":"https:\/\/www.infrawarm.de\/"},{"@type":"ListItem","position":2,"name":"Warum Elektroheizungen wieder auf dem Vormarsch sind"}]},{"@type":"WebSite","@id":"https:\/\/www.infrawarm.de\/#website","url":"https:\/\/www.infrawarm.de\/","name":"Infrawarm\u00ae GmbH","description":"Angenehme W\u00e4rme in k\u00fcrzester Zeit bei konstant geringem Energieverbrauch. Das ist Heizen mit Infrarotheizk\u00f6rpern von Infrawarm.","potentialAction":[{"@type":"SearchAction","target":{"@type":"EntryPoint","urlTemplate":"https:\/\/www.infrawarm.de\/?s={search_term_string}"},"query-input":{"@type":"PropertyValueSpecification","valueRequired":true,"valueName":"search_term_string"}}],"inLanguage":"en-US"},{"@type":"Person","@id":"https:\/\/www.infrawarm.de\/#\/schema\/person\/c0bb42fd853bbdef24c1625b02a2c6da","name":"infrawarm_felix","image":{"@type":"ImageObject","inLanguage":"en-US","@id":"https:\/\/www.infrawarm.de\/#\/schema\/person\/image\/","url":"https:\/\/secure.gravatar.com\/avatar\/f13596997331c005ec035cb61785ece44f326dd607956dc3560e86c8e648150a?s=96&d=mm&r=g","contentUrl":"https:\/\/secure.gravatar.com\/avatar\/f13596997331c005ec035cb61785ece44f326dd607956dc3560e86c8e648150a?s=96&d=mm&r=g","caption":"infrawarm_felix"},"url":"https:\/\/www.infrawarm.de\/en\/author\/infrawarm_fenja\/"}]}},"_links":{"self":[{"href":"https:\/\/www.infrawarm.de\/en\/wp-json\/wp\/v2\/posts\/688","targetHints":{"allow":["GET"]}}],"collection":[{"href":"https:\/\/www.infrawarm.de\/en\/wp-json\/wp\/v2\/posts"}],"about":[{"href":"https:\/\/www.infrawarm.de\/en\/wp-json\/wp\/v2\/types\/post"}],"author":[{"embeddable":true,"href":"https:\/\/www.infrawarm.de\/en\/wp-json\/wp\/v2\/users\/2"}],"replies":[{"embeddable":true,"href":"https:\/\/www.infrawarm.de\/en\/wp-json\/wp\/v2\/comments?post=688"}],"version-history":[{"count":10,"href":"https:\/\/www.infrawarm.de\/en\/wp-json\/wp\/v2\/posts\/688\/revisions"}],"predecessor-version":[{"id":698,"href":"https:\/\/www.infrawarm.de\/en\/wp-json\/wp\/v2\/posts\/688\/revisions\/698"}],"wp:attachment":[{"href":"https:\/\/www.infrawarm.de\/en\/wp-json\/wp\/v2\/media?parent=688"}],"wp:term":[{"taxonomy":"category","embeddable":true,"href":"https:\/\/www.infrawarm.de\/en\/wp-json\/wp\/v2\/categories?post=688"},{"taxonomy":"post_tag","embeddable":true,"href":"https:\/\/www.infrawarm.de\/en\/wp-json\/wp\/v2\/tags?post=688"}],"curies":[{"name":"wp","href":"https:\/\/api.w.org\/{rel}","templated":true}]}}